{"id":64,"date":"2025-06-10T15:30:01","date_gmt":"2025-06-10T15:30:01","guid":{"rendered":"https:\/\/globalwarming360.net\/?p=64"},"modified":"2025-06-26T15:36:10","modified_gmt":"2025-06-26T15:36:10","slug":"protetor-solar-comprimido-a-nova-fronteira-da-fotoprotecao","status":"publish","type":"post","link":"https:\/\/globalwarming360.net\/?p=64","title":{"rendered":"Protetor Solar Comprimido: A Nova Fronteira da Fotoprote\u00e7\u00e3o"},"content":{"rendered":"\n<h2 class=\"wp-block-heading\"><strong>Um novo cap\u00edtulo na rotina de cuidados com a pele<\/strong><\/h2>\n\n\n\n<p>Paula sempre cuidou da pele com dedica\u00e7\u00e3o. Cremes noturnos, s\u00e9runs antioxidantes e, claro, filtro solar di\u00e1rio. Mas mesmo com todos esses cuidados, as manchas de melasma insistiam em voltar ap\u00f3s cada ver\u00e3o. Durante uma consulta, sua dermatologista sugeriu algo at\u00e9 ent\u00e3o desconhecido: um<a href=\"https:\/\/clinicaleilanecatricala.com.br\/blog\/141\/protetor-solar-via-oral-funciona\" target=\"_blank\" rel=\"noopener\"> <strong>protetor solar comprimido<\/strong><\/a>.<\/p>\n\n\n\n<p>A ideia de proteger a pele \u201cde dentro para fora\u201d parecia promissora. Afinal, como um suplemento oral poderia contribuir para a fotoprote\u00e7\u00e3o? Neste artigo, vamos entender o que \u00e9 o protetor solar em c\u00e1psulas, como ele age no organismo, sua efic\u00e1cia, indica\u00e7\u00f5es e como inclu\u00ed-lo na rotina de cuidados com a pele.<\/p>\n\n\n\n<hr class=\"wp-block-separator has-alpha-channel-opacity\"\/>\n\n\n\n<h2 class=\"wp-block-heading\"><strong>O que \u00e9 o protetor solar em comprimido?<\/strong><\/h2>\n\n\n\n<p>Diferente dos filtros solares tradicionais, o <strong>protetor solar comprimido<\/strong> \u00e9 um suplemento de uso oral formulado com antioxidantes e subst\u00e2ncias fotoprotetoras naturais. Sua fun\u00e7\u00e3o n\u00e3o \u00e9 substituir o filtro solar t\u00f3pico, mas sim <strong>refor\u00e7ar a prote\u00e7\u00e3o da pele contra os danos causados pelos raios solares<\/strong>.<\/p>\n\n\n\n<p>Esses suplementos ajudam a neutralizar os radicais livres gerados pela exposi\u00e7\u00e3o solar e a reduzir os efeitos da radia\u00e7\u00e3o ultravioleta (UV) e infravermelha (IV). Os compostos mais comuns incluem:<\/p>\n\n\n\n<ul class=\"wp-block-list\">\n<li>Polypodium leucotomos (extrato de samambaia tropical)<br><\/li>\n\n\n\n<li>Vitamina C e E<br><\/li>\n\n\n\n<li>Lute\u00edna e zeaxantina<br><\/li>\n\n\n\n<li>Betacaroteno<br><\/li>\n\n\n\n<li>Licopeno<br><\/li>\n\n\n\n<li>Niacinamida<br><\/li>\n<\/ul>\n\n\n\n<p>De acordo com<a href=\"https:\/\/pubmed.ncbi.nlm.nih.gov\/32995288\/\" target=\"_blank\" rel=\"noopener\"> artigo publicado na PubMed<\/a>, o uso oral de antioxidantes tem demonstrado <strong>efeitos ben\u00e9ficos em pacientes com melasma, fotodermatites e sensibilidade solar<\/strong>, al\u00e9m de contribuir para a sa\u00fade da pele a longo prazo.<\/p>\n\n\n\n<hr class=\"wp-block-separator has-alpha-channel-opacity\"\/>\n\n\n\n<h2 class=\"wp-block-heading\"><strong>Como o protetor solar comprimido age no organismo?<\/strong><\/h2>\n\n\n\n<p>Enquanto os protetores solares comuns criam uma barreira sobre a pele, o protetor solar em c\u00e1psulas <strong>atua no combate ao estresse oxidativo<\/strong> gerado pela radia\u00e7\u00e3o UV. Isso significa que ele atua dentro do corpo, ajudando a evitar que os danos celulares se acumulem e causem problemas como:<\/p>\n\n\n\n<ul class=\"wp-block-list\">\n<li>Manchas escuras<br><\/li>\n\n\n\n<li>Fotoenvelhecimento<br><\/li>\n\n\n\n<li>Perda de col\u00e1geno<br><\/li>\n\n\n\n<li>Inflama\u00e7\u00f5es<br><\/li>\n\n\n\n<li>Imunossupress\u00e3o cut\u00e2nea<br><\/li>\n<\/ul>\n\n\n\n<p>Ao buscar por um bom <a href=\"https:\/\/clinicaleilanecatricala.com.br\/blog\/141\/protetor-solar-via-oral-funciona\" target=\"_blank\" rel=\"noopener\"><strong>protetor solar comprimido<\/strong><\/a>, \u00e9 importante verificar a concentra\u00e7\u00e3o e a sinergia entre os ativos, pois alguns compostos t\u00eam a\u00e7\u00e3o complementar, potencializando os efeitos uns dos outros.<\/p>\n\n\n\n<hr class=\"wp-block-separator has-alpha-channel-opacity\"\/>\n\n\n\n<h2 class=\"wp-block-heading\"><strong>Protetor solar em comprimido substitui o uso t\u00f3pico?<\/strong><\/h2>\n\n\n\n<p>N\u00e3o. Essa \u00e9 uma d\u00favida muito comum, mas \u00e9 importante esclarecer: o <strong>protetor solar comprimido<\/strong> \u00e9 um <strong>suplemento auxiliar<\/strong>. Ele <strong>n\u00e3o substitui o filtro solar t\u00f3pico<\/strong> com FPS (Fator de Prote\u00e7\u00e3o Solar). O uso conjunto \u00e9 o que garante a efic\u00e1cia total da fotoprote\u00e7\u00e3o.<\/p>\n\n\n\n<p>A Sociedade Brasileira de Dermatologia (SBD) refor\u00e7a que <strong>o protetor oral complementa a prote\u00e7\u00e3o, mas n\u00e3o bloqueia diretamente os raios solares<\/strong>. Por isso, mesmo usando c\u00e1psulas, o protetor t\u00f3pico continua sendo obrigat\u00f3rio \u2014 especialmente em ambientes de alta exposi\u00e7\u00e3o solar.<\/p>\n\n\n\n<hr class=\"wp-block-separator has-alpha-channel-opacity\"\/>\n\n\n\n<h2 class=\"wp-block-heading\"><strong>Quem pode se beneficiar do protetor solar oral?<\/strong><\/h2>\n\n\n\n<p>O <strong>protetor solar comprimido<\/strong> \u00e9 indicado principalmente para pessoas com:<\/p>\n\n\n\n<ul class=\"wp-block-list\">\n<li>Melasma ou hiperpigmenta\u00e7\u00e3o<br><\/li>\n\n\n\n<li>Hist\u00f3rico de c\u00e2ncer de pele<br><\/li>\n\n\n\n<li>Fotodermatites<br><\/li>\n\n\n\n<li>Pele extremamente sens\u00edvel ao sol<br><\/li>\n\n\n\n<li>Doen\u00e7as autoimunes com agravamento pela radia\u00e7\u00e3o UV<br><\/li>\n\n\n\n<li>Procedimentos est\u00e9ticos recentes (como peelings e lasers)<br><\/li>\n\n\n\n<li>Rotina di\u00e1ria de exposi\u00e7\u00e3o solar<br><\/li>\n<\/ul>\n\n\n\n<p>Paula, por exemplo, viu uma melhora significativa em seu melasma ap\u00f3s iniciar o uso das c\u00e1psulas associadas ao protetor t\u00f3pico. Sua pele passou a reagir menos ao sol e as manchas clarearam com mais consist\u00eancia.<\/p>\n\n\n\n<hr class=\"wp-block-separator has-alpha-channel-opacity\"\/>\n\n\n\n<h2 class=\"wp-block-heading\"><strong>Resultados esperados: em quanto tempo aparecem?<\/strong><\/h2>\n\n\n\n<p>Como todo suplemento oral, os resultados do <a href=\"https:\/\/clinicaleilanecatricala.com.br\/blog\/141\/protetor-solar-via-oral-funciona\" target=\"_blank\" rel=\"noopener\"><strong>protetor solar comprimido<\/strong><\/a> n\u00e3o s\u00e3o imediatos. Os efeitos costumam surgir ap\u00f3s 2 a 4 semanas de uso cont\u00ednuo, dependendo do organismo e da f\u00f3rmula.<\/p>\n\n\n\n<p>A continuidade \u00e9 essencial. Interromper o uso em per\u00edodos de alta exposi\u00e7\u00e3o solar, como o ver\u00e3o, pode prejudicar a manuten\u00e7\u00e3o dos resultados alcan\u00e7ados.<\/p>\n\n\n\n<hr class=\"wp-block-separator has-alpha-channel-opacity\"\/>\n\n\n\n<h2 class=\"wp-block-heading\"><strong>Protetores solares em c\u00e1psulas s\u00e3o seguros?<\/strong><\/h2>\n\n\n\n<p>Sim. A maioria dos <strong>protetores solares comprimidos<\/strong> utiliza compostos naturais, antioxidantes e vitaminas em doses seguras. No entanto, \u00e9 fundamental consultar um dermatologista antes de iniciar o uso, especialmente para pessoas com doen\u00e7as cr\u00f4nicas, alergias ou gestantes.<\/p>\n\n\n\n<p>Estudos, como o publicado pela<a href=\"https:\/\/www.health.harvard.edu\/staying-healthy\/the-truth-about-sunscreen-pill-supplements\" target=\"_blank\" rel=\"noopener\"> Harvard Health<\/a>, apontam que embora esses suplementos tenham benef\u00edcios comprovados, seu uso deve ser sempre <strong>complementar<\/strong>, e nunca isolado, como substituto do protetor solar tradicional.<\/p>\n\n\n\n<hr class=\"wp-block-separator has-alpha-channel-opacity\"\/>\n\n\n\n<h2 class=\"wp-block-heading\"><strong>Vantagens do protetor solar em comprimido<\/strong><\/h2>\n\n\n\n<p>Al\u00e9m de praticidade, o uso do <a href=\"https:\/\/clinicaleilanecatricala.com.br\/blog\/141\/protetor-solar-via-oral-funciona\" target=\"_blank\" rel=\"noopener\"><strong>protetor solar comprimido<\/strong><\/a> traz diversas vantagens, como:<\/p>\n\n\n\n<ul class=\"wp-block-list\">\n<li>Prote\u00e7\u00e3o uniforme em todo o corpo (inclusive \u00e1reas que esquecemos de aplicar o filtro)<br><\/li>\n\n\n\n<li>Aux\u00edlio na preven\u00e7\u00e3o de manchas e envelhecimento<br><\/li>\n\n\n\n<li>A\u00e7\u00e3o antioxidante prolongada<br><\/li>\n\n\n\n<li>Contribui\u00e7\u00e3o para a firmeza e elasticidade da pele<br><\/li>\n\n\n\n<li>Redu\u00e7\u00e3o da sensibilidade ap\u00f3s procedimentos dermatol\u00f3gicos<br><\/li>\n<\/ul>\n\n\n\n<p>Esses benef\u00edcios s\u00e3o ainda mais percebidos quando combinados com uma rotina de skincare personalizada e avalia\u00e7\u00e3o dermatol\u00f3gica frequente.<\/p>\n\n\n\n<hr class=\"wp-block-separator has-alpha-channel-opacity\"\/>\n\n\n\n<h2 class=\"wp-block-heading\"><strong>Cuidados ao escolher seu suplemento solar<\/strong><\/h2>\n\n\n\n<p>Nem todos os produtos do mercado oferecem a mesma composi\u00e7\u00e3o ou concentra\u00e7\u00e3o. Por isso, atente-se:<\/p>\n\n\n\n<ul class=\"wp-block-list\">\n<li>Verifique se a f\u00f3rmula tem respaldo cient\u00edfico<br><\/li>\n\n\n\n<li>Opte por marcas com registro na Anvisa<br><\/li>\n\n\n\n<li>Prefira suplementos prescritos por dermatologistas<br><\/li>\n\n\n\n<li>Desconfie de promessas como \u201csubstitui o protetor tradicional\u201d<br><\/li>\n<\/ul>\n\n\n\n<p>A escolha do <strong>protetor solar comprimido<\/strong> deve ser feita com o mesmo crit\u00e9rio que voc\u00ea usa para um cosm\u00e9tico facial. Afinal, estamos falando de um produto que atuar\u00e1 de forma sist\u00eamica no seu organismo.<\/p>\n\n\n\n<hr class=\"wp-block-separator has-alpha-channel-opacity\"\/>\n\n\n\n<h2 class=\"wp-block-heading\"><strong>O protetor solar via oral realmente funciona?<\/strong><\/h2>\n\n\n\n<p>Sim, mas dentro da proposta correta. Ele oferece <strong>prote\u00e7\u00e3o biol\u00f3gica<\/strong>, ou seja, melhora a resist\u00eancia da pele aos efeitos da radia\u00e7\u00e3o, combate o envelhecimento precoce e reduz inflama\u00e7\u00f5es. \u00c9 uma prote\u00e7\u00e3o silenciosa, que atua no n\u00edvel celular.<\/p>\n\n\n\n<p>Neste<a href=\"https:\/\/clinicaleilanecatricala.com.br\/blog\/141\/protetor-solar-via-oral-funciona\" target=\"_blank\" rel=\"noopener\"> artigo completo da Cl\u00ednica Leilane Catricala<\/a>, voc\u00ea encontra mais detalhes cient\u00edficos e recomenda\u00e7\u00f5es sobre como usar o suplemento de forma segura e eficaz.<\/p>\n\n\n\n<hr class=\"wp-block-separator has-alpha-channel-opacity\"\/>\n\n\n\n<h2 class=\"wp-block-heading\"><strong>Conclus\u00e3o: vale a pena usar protetor solar em comprimido?<\/strong><\/h2>\n\n\n\n<p>Sim, vale a pena. O <a href=\"https:\/\/clinicaleilanecatricala.com.br\/blog\/141\/protetor-solar-via-oral-funciona\" target=\"_blank\" rel=\"noopener\"><strong>protetor solar comprimido<\/strong><\/a> \u00e9 uma inova\u00e7\u00e3o que vem transformando a forma como cuidamos da pele. Ele n\u00e3o exclui o uso do protetor t\u00f3pico, mas oferece uma <strong>camada extra de prote\u00e7\u00e3o<\/strong>, especialmente em casos sens\u00edveis como o melasma, p\u00f3s-procedimentos ou exposi\u00e7\u00e3o di\u00e1ria intensa.<\/p>\n\n\n\n<p>Integr\u00e1-lo \u00e0 sua rotina de skincare pode ser o passo que faltava para melhorar os resultados, manter a pele saud\u00e1vel e adiar os efeitos do envelhecimento.<\/p>\n\n\n\n<hr class=\"wp-block-separator has-alpha-channel-opacity\"\/>\n\n\n\n<h2 class=\"wp-block-heading\"><strong>Leitura complementar e fontes recomendadas<\/strong><\/h2>\n\n\n\n<ul class=\"wp-block-list\">\n<li><a href=\"https:\/\/pt.wikipedia.org\/wiki\/Prote%C3%A7%C3%A3o_solar\" target=\"_blank\" rel=\"noopener\">Wikipedia \u2013 Fotoprote\u00e7\u00e3o<br><\/a><\/li>\n\n\n\n<li><a href=\"https:\/\/pubmed.ncbi.nlm.nih.gov\/32995288\/\" target=\"_blank\" rel=\"noopener\">PubMed \u2013 Efeitos de antioxidantes orais na pele<br><\/a><\/li>\n\n\n\n<li><a href=\"https:\/\/www.health.harvard.edu\/staying-healthy\/the-truth-about-sunscreen-pill-supplements\" target=\"_blank\" rel=\"noopener\">Harvard Health \u2013 Suplementos solares funcionam?<br><\/a><\/li>\n\n\n\n<li><a href=\"https:\/\/clinicaleilanecatricala.com.br\/blog\/141\/protetor-solar-via-oral-funciona\" target=\"_blank\" rel=\"noopener\">Protetor solar via oral funciona \u2013 Cl\u00ednica Leilane Catricala<br><\/a><\/li>\n<\/ul>\n","protected":false},"excerpt":{"rendered":"<p>Um novo cap\u00edtulo na rotina de cuidados com a pele Paula sempre cuidou da pele com dedica\u00e7\u00e3o. Cremes noturnos, s\u00e9runs antioxidantes e, claro, filtro solar di\u00e1rio. Mas mesmo com todos esses cuidados, as manchas de melasma insistiam em voltar ap\u00f3s cada ver\u00e3o. Durante uma consulta, sua dermatologista sugeriu algo at\u00e9 ent\u00e3o desconhecido: um protetor solar [&hellip;]<\/p>\n","protected":false},"author":1,"featured_media":65,"comment_status":"open","ping_status":"open","sticky":false,"template":"","format":"standard","meta":{"footnotes":""},"categories":[3],"tags":[],"class_list":["post-64","post","type-post","status-publish","format-standard","has-post-thumbnail","hentry","category-news"],"_links":{"self":[{"href":"https:\/\/globalwarming360.net\/index.php?rest_route=\/wp\/v2\/posts\/64","targetHints":{"allow":["GET"]}}],"collection":[{"href":"https:\/\/globalwarming360.net\/index.php?rest_route=\/wp\/v2\/posts"}],"about":[{"href":"https:\/\/globalwarming360.net\/index.php?rest_route=\/wp\/v2\/types\/post"}],"author":[{"embeddable":true,"href":"https:\/\/globalwarming360.net\/index.php?rest_route=\/wp\/v2\/users\/1"}],"replies":[{"embeddable":true,"href":"https:\/\/globalwarming360.net\/index.php?rest_route=%2Fwp%2Fv2%2Fcomments&post=64"}],"version-history":[{"count":1,"href":"https:\/\/globalwarming360.net\/index.php?rest_route=\/wp\/v2\/posts\/64\/revisions"}],"predecessor-version":[{"id":66,"href":"https:\/\/globalwarming360.net\/index.php?rest_route=\/wp\/v2\/posts\/64\/revisions\/66"}],"wp:featuredmedia":[{"embeddable":true,"href":"https:\/\/globalwarming360.net\/index.php?rest_route=\/wp\/v2\/media\/65"}],"wp:attachment":[{"href":"https:\/\/globalwarming360.net\/index.php?rest_route=%2Fwp%2Fv2%2Fmedia&parent=64"}],"wp:term":[{"taxonomy":"category","embeddable":true,"href":"https:\/\/globalwarming360.net\/index.php?rest_route=%2Fwp%2Fv2%2Fcategories&post=64"},{"taxonomy":"post_tag","embeddable":true,"href":"https:\/\/globalwarming360.net\/index.php?rest_route=%2Fwp%2Fv2%2Ftags&post=64"}],"curies":[{"name":"wp","href":"https:\/\/api.w.org\/{rel}","templated":true}]}}