{"id":58,"date":"2025-06-10T15:13:45","date_gmt":"2025-06-10T15:13:45","guid":{"rendered":"https:\/\/globalwarming360.net\/?p=58"},"modified":"2025-06-25T15:20:36","modified_gmt":"2025-06-25T15:20:36","slug":"iluminacao-academia-potencializando-treinos-identidade-visual-e-retencao-de-alunos","status":"publish","type":"post","link":"https:\/\/globalwarming360.net\/?p=58","title":{"rendered":"Ilumina\u00e7\u00e3o Academia: Potencializando Treinos, Identidade Visual e Reten\u00e7\u00e3o de Alunos"},"content":{"rendered":"\n<p>No mundo atual da arquitetura fitness, onde a experi\u00eancia do usu\u00e1rio dita as regras de fideliza\u00e7\u00e3o, performance e branding, um fator t\u00e9cnico tem ganhado protagonismo absoluto: a <a href=\"https:\/\/neoncustom.com.br\/led-neon-para-sua-marca-empresa\/led-neon-para-academia-consultorio\/\" target=\"_blank\" rel=\"noopener\"><strong>iluminacao academia<\/strong><\/a>.<\/p>\n\n\n\n<p>Mais do que uma quest\u00e3o de visibilidade, a forma como a luz \u00e9 distribu\u00edda no ambiente de treino interfere diretamente no comportamento dos alunos, na percep\u00e7\u00e3o da marca e at\u00e9 nos resultados fisiol\u00f3gicos obtidos durante os exerc\u00edcios. Ignorar esse fator \u00e9 um erro estrat\u00e9gico que nenhuma academia moderna pode cometer.<\/p>\n\n\n\n<hr class=\"wp-block-separator has-alpha-channel-opacity\"\/>\n\n\n\n<h2 class=\"wp-block-heading\"><strong>A Influ\u00eancia da Ilumina\u00e7\u00e3o no Comportamento e Resultado dos Alunos<\/strong><\/h2>\n\n\n\n<p>Pesquisas em psicologia ambiental mostram que a ilumina\u00e7\u00e3o afeta o humor, o foco e a percep\u00e7\u00e3o de esfor\u00e7o f\u00edsico. Luzes frias e bem distribu\u00eddas tendem a aumentar a disposi\u00e7\u00e3o para treinos intensos, enquanto luzes quentes geram sensa\u00e7\u00e3o de relaxamento \u2014 o que pode ser \u00fatil em espa\u00e7os voltados ao yoga, alongamento ou atendimento.<\/p>\n\n\n\n<p>Portanto, um projeto de <a href=\"https:\/\/neoncustom.com.br\/led-neon-para-sua-marca-empresa\/led-neon-para-academia-consultorio\/\" target=\"_blank\" rel=\"noopener\"><strong>iluminacao academia<\/strong><\/a> deve ser planejado considerando os tipos de aula, perfil dos usu\u00e1rios e imagem que a marca deseja transmitir. Academias que entendem esse impacto e adaptam suas instala\u00e7\u00f5es colhem resultados vis\u00edveis em engajamento e reten\u00e7\u00e3o.<\/p>\n\n\n\n<hr class=\"wp-block-separator has-alpha-channel-opacity\"\/>\n\n\n\n<h2 class=\"wp-block-heading\"><strong>Ambientes Segmentados: Como Iluminar Cada Espa\u00e7o da Academia<\/strong><\/h2>\n\n\n\n<p>Cada \u00e1rea da academia possui uma necessidade distinta. Um projeto eficiente de <a href=\"https:\/\/neoncustom.com.br\/led-neon-para-sua-marca-empresa\/led-neon-para-academia-consultorio\/\" target=\"_blank\" rel=\"noopener\"><strong>iluminacao academia<\/strong><\/a> leva em conta a funcionalidade de cada espa\u00e7o e como a luz pode potencializar a experi\u00eancia ali.<\/p>\n\n\n\n<ul class=\"wp-block-list\">\n<li><strong>Recep\u00e7\u00e3o e entrada<\/strong>: devem ser impactantes e acolhedoras. A luz precisa valorizar o logo da marca, pain\u00e9is motivacionais e criar uma impress\u00e3o positiva de primeira.<br><\/li>\n\n\n\n<li><strong>\u00c1rea de muscula\u00e7\u00e3o<\/strong>: exige luzes claras e distribu\u00eddas que valorizem a defini\u00e7\u00e3o muscular, sem gerar ofuscamento ou zonas de sombra.<br><\/li>\n\n\n\n<li><strong>Sala de aulas coletivas<\/strong>: precisa de ilumina\u00e7\u00e3o ajust\u00e1vel, permitindo cenas diferentes para ritmos distintos de aula \u2014 de uma aula de dan\u00e7a a um circuito funcional.<br><\/li>\n\n\n\n<li><strong>Espa\u00e7o de cardio (esteiras, bikes, remadores)<\/strong>: pode contar com LED din\u00e2mico e colorido, criando uma ambienta\u00e7\u00e3o moderna e tecnol\u00f3gica.<br><\/li>\n<\/ul>\n\n\n\n<p>Com solu\u00e7\u00f5es como as oferecidas pela<a href=\"https:\/\/neoncustom.com.br\/led-neon-para-sua-marca-empresa\/led-neon-para-academia-consultorio\/\" target=\"_blank\" rel=\"noopener\"> <strong>iluminacao academia<\/strong><\/a> da Neon Custom, cada setor pode ser personalizado com projetos de alta durabilidade, est\u00e9tica e efici\u00eancia energ\u00e9tica.<\/p>\n\n\n\n<hr class=\"wp-block-separator has-alpha-channel-opacity\"\/>\n\n\n\n<h2 class=\"wp-block-heading\"><strong>Branding com Luz: Identidade Visual Iluminada<\/strong><\/h2>\n\n\n\n<p>A ilumina\u00e7\u00e3o \u00e9 um dos recursos mais poderosos para comunicar o posicionamento da sua academia. Um logotipo iluminado na recep\u00e7\u00e3o, frases em neon nas \u00e1reas de treino, corredores com fitas de LED nos tons da marca \u2014 tudo isso refor\u00e7a o branding e torna sua academia memor\u00e1vel.<\/p>\n\n\n\n<p>Al\u00e9m do visual marcante, esse tipo de abordagem favorece o marketing org\u00e2nico: alunos tendem a tirar mais fotos em ambientes visualmente atrativos. O Instagram da academia se enche de conte\u00fado espont\u00e2neo, impulsionando o alcance sem custos adicionais de m\u00eddia.<\/p>\n\n\n\n<p>A<a href=\"https:\/\/neoncustom.com.br\/led-neon-para-sua-marca-empresa\/led-neon-para-academia-consultorio\/\" target=\"_blank\" rel=\"noopener\"> <strong>iluminacao academia<\/strong><\/a> \u00e9, portanto, uma ferramenta de marketing e diferencia\u00e7\u00e3o \u2014 e n\u00e3o apenas uma quest\u00e3o t\u00e9cnica.<\/p>\n\n\n\n<hr class=\"wp-block-separator has-alpha-channel-opacity\"\/>\n\n\n\n<h2 class=\"wp-block-heading\"><strong>Case Real: Luz como Fator de Renova\u00e7\u00e3o<\/strong><\/h2>\n\n\n\n<p>A FitConcept, rede de academias premium no interior de Minas Gerais, enfrentava uma queda de matr\u00edculas ap\u00f3s a pandemia. O espa\u00e7o estava atualizado em equipamentos, mas visualmente obsoleto. A solu\u00e7\u00e3o? Um projeto completo de <strong>iluminacao academia<\/strong>, com neon art\u00edstico em \u00e1reas de selfie, spots estrat\u00e9gicos sobre os racks de muscula\u00e7\u00e3o e luzes din\u00e2micas nas salas de bike indoor.<\/p>\n\n\n\n<p>O resultado foi surpreendente: em 90 dias, o n\u00famero de visitantes vindos por recomenda\u00e7\u00e3o nas redes sociais cresceu 63%, a perman\u00eancia m\u00e9dia por treino aumentou 18 minutos e as taxas de convers\u00e3o subiram quase 40%. A ilumina\u00e7\u00e3o n\u00e3o apenas modernizou o espa\u00e7o \u2014 ela reconectou a academia com seu p\u00fablico.<\/p>\n\n\n\n<hr class=\"wp-block-separator has-alpha-channel-opacity\"\/>\n\n\n\n<h2 class=\"wp-block-heading\"><strong>Benef\u00edcios T\u00e9cnicos da Ilumina\u00e7\u00e3o LED para Academias<\/strong><\/h2>\n\n\n\n<p>Al\u00e9m da est\u00e9tica e do engajamento, o uso de LEDs traz ganhos significativos para a opera\u00e7\u00e3o:<\/p>\n\n\n\n<ul class=\"wp-block-list\">\n<li><strong>Redu\u00e7\u00e3o de custos com energia el\u00e9trica<\/strong><strong><br><\/strong><\/li>\n\n\n\n<li><strong>Vida \u00fatil longa e manuten\u00e7\u00e3o quase nula<\/strong><strong><br><\/strong><\/li>\n\n\n\n<li><strong>Compatibilidade com sensores de presen\u00e7a e automa\u00e7\u00e3o<\/strong><strong><br><\/strong><\/li>\n\n\n\n<li><strong>Variedade de temperaturas de cor e n\u00edveis de intensidade<\/strong><strong><br><\/strong><\/li>\n\n\n\n<li><strong>Resist\u00eancia a trepida\u00e7\u00f5es e uso cont\u00ednuo<\/strong><strong><br><\/strong><\/li>\n<\/ul>\n\n\n\n<p>A Neon Custom \u00e9 refer\u00eancia no desenvolvimento de projetos de<a href=\"https:\/\/neoncustom.com.br\/led-neon-para-sua-marca-empresa\/led-neon-para-academia-consultorio\/\" target=\"_blank\" rel=\"noopener\"> <strong>iluminacao academia<\/strong><\/a> que unem funcionalidade, economia e valoriza\u00e7\u00e3o est\u00e9tica de alto n\u00edvel.<\/p>\n\n\n\n<hr class=\"wp-block-separator has-alpha-channel-opacity\"\/>\n\n\n\n<h2 class=\"wp-block-heading\"><strong>Ilumina\u00e7\u00e3o e Redes Sociais: Potencializando Visibilidade Org\u00e2nica<\/strong><\/h2>\n\n\n\n<p>Academias s\u00e3o ambientes sociais. Alunos registram conquistas, compartilham v\u00eddeos de treinos e marcam a localiza\u00e7\u00e3o com orgulho \u2014 mas isso s\u00f3 acontece quando o ambiente favorece visualmente esses registros.<\/p>\n\n\n\n<p>Espa\u00e7os mal iluminados inibem esse comportamento. J\u00e1 locais com <a href=\"https:\/\/neoncustom.com.br\/led-neon-para-sua-marca-empresa\/led-neon-para-academia-consultorio\/\" target=\"_blank\" rel=\"noopener\"><strong>iluminacao academia<\/strong><\/a> estrat\u00e9gica, com pain\u00e9is modernos e pontos de destaque, geram um ciclo de divulga\u00e7\u00e3o org\u00e2nica cont\u00ednua. Isso \u00e9 especialmente valioso para neg\u00f3cios que querem crescer com baixo custo de aquisi\u00e7\u00e3o de clientes.<\/p>\n\n\n\n<hr class=\"wp-block-separator has-alpha-channel-opacity\"\/>\n\n\n\n<h2 class=\"wp-block-heading\"><strong>Checklist para um Projeto de Ilumina\u00e7\u00e3o de Alta Performance<\/strong><\/h2>\n\n\n\n<p>Antes de investir, siga este passo a passo:<\/p>\n\n\n\n<ul class=\"wp-block-list\">\n<li>Fa\u00e7a um mapeamento do layout atual e das zonas funcionais<br><\/li>\n\n\n\n<li>Identifique os pontos de maior circula\u00e7\u00e3o e presen\u00e7a visual<br><\/li>\n\n\n\n<li>Defina objetivos: mais conforto, mais branding, mais visibilidade?<br><\/li>\n\n\n\n<li>Consulte especialistas em<a href=\"https:\/\/neoncustom.com.br\/led-neon-para-sua-marca-empresa\/led-neon-para-academia-consultorio\/\" target=\"_blank\" rel=\"noopener\"> <strong>iluminacao academia<\/strong><\/a> para solu\u00e7\u00f5es espec\u00edficas<br><\/li>\n\n\n\n<li>Escolha materiais de alta durabilidade e efici\u00eancia energ\u00e9tica<br><\/li>\n\n\n\n<li>Integre a identidade visual da marca ao projeto de ilumina\u00e7\u00e3o<br><\/li>\n<\/ul>\n\n\n\n<hr class=\"wp-block-separator has-alpha-channel-opacity\"\/>\n\n\n\n<h2 class=\"wp-block-heading\"><strong>Seguran\u00e7a, Normas T\u00e9cnicas e Qualidade<\/strong><\/h2>\n\n\n\n<p>Ao trabalhar com ilumina\u00e7\u00e3o em academias, \u00e9 essencial respeitar normas da ABNT, escolher produtos com selo de efici\u00eancia energ\u00e9tica e seguir boas pr\u00e1ticas de instala\u00e7\u00e3o. O uso de produtos certificados e com bom isolamento \u00e9 fundamental para ambientes com suor, equipamentos met\u00e1licos e alta circula\u00e7\u00e3o de pessoas.<\/p>\n\n\n\n<p>A Neon Custom entrega todos os projetos com acompanhamento t\u00e9cnico e suporte para instala\u00e7\u00e3o segura \u2014 um diferencial que se reflete na durabilidade e na satisfa\u00e7\u00e3o final.<\/p>\n\n\n\n<hr class=\"wp-block-separator has-alpha-channel-opacity\"\/>\n\n\n\n<h2 class=\"wp-block-heading\"><strong>Conclus\u00e3o: Luz Que Gera Valor e Multiplica Resultados<\/strong><\/h2>\n\n\n\n<p>A <strong>iluminacao academia<\/strong> deixou de ser um detalhe t\u00e9cnico e passou a ser um diferencial competitivo. Ela comunica a identidade da marca, cria ambientes que estimulam o treino e transforma cada metro quadrado da sua estrutura em uma oportunidade de engajamento.<\/p>\n\n\n\n<p>Academias que investem em ilumina\u00e7\u00e3o com prop\u00f3sito vendem mais, ret\u00eam melhor, e se posicionam com for\u00e7a em um mercado que valoriza experi\u00eancia acima de tudo. E com um parceiro como a Neon Custom, voc\u00ea n\u00e3o apenas ilumina espa\u00e7os \u2014 voc\u00ea potencializa sua marca.<\/p>\n\n\n\n<hr class=\"wp-block-separator has-alpha-channel-opacity\"\/>\n\n\n\n<p><strong>Refer\u00eancia externa adicional<\/strong>: Exame \u2013 Como a ilumina\u00e7\u00e3o influencia o comportamento e produtividade<\/p>\n\n\n\n<hr class=\"wp-block-separator has-alpha-channel-opacity\"\/>\n\n\n\n<p><strong>Direitos autorais reservados a Neon Custom<\/strong>.<\/p>\n","protected":false},"excerpt":{"rendered":"<p>No mundo atual da arquitetura fitness, onde a experi\u00eancia do usu\u00e1rio dita as regras de fideliza\u00e7\u00e3o, performance e branding, um fator t\u00e9cnico tem ganhado protagonismo absoluto: a iluminacao academia. Mais do que uma quest\u00e3o de visibilidade, a forma como a luz \u00e9 distribu\u00edda no ambiente de treino interfere diretamente no comportamento dos alunos, na percep\u00e7\u00e3o [&hellip;]<\/p>\n","protected":false},"author":1,"featured_media":59,"comment_status":"open","ping_status":"open","sticky":false,"template":"","format":"standard","meta":{"footnotes":""},"categories":[3],"tags":[],"class_list":["post-58","post","type-post","status-publish","format-standard","has-post-thumbnail","hentry","category-news"],"_links":{"self":[{"href":"https:\/\/globalwarming360.net\/index.php?rest_route=\/wp\/v2\/posts\/58","targetHints":{"allow":["GET"]}}],"collection":[{"href":"https:\/\/globalwarming360.net\/index.php?rest_route=\/wp\/v2\/posts"}],"about":[{"href":"https:\/\/globalwarming360.net\/index.php?rest_route=\/wp\/v2\/types\/post"}],"author":[{"embeddable":true,"href":"https:\/\/globalwarming360.net\/index.php?rest_route=\/wp\/v2\/users\/1"}],"replies":[{"embeddable":true,"href":"https:\/\/globalwarming360.net\/index.php?rest_route=%2Fwp%2Fv2%2Fcomments&post=58"}],"version-history":[{"count":1,"href":"https:\/\/globalwarming360.net\/index.php?rest_route=\/wp\/v2\/posts\/58\/revisions"}],"predecessor-version":[{"id":60,"href":"https:\/\/globalwarming360.net\/index.php?rest_route=\/wp\/v2\/posts\/58\/revisions\/60"}],"wp:featuredmedia":[{"embeddable":true,"href":"https:\/\/globalwarming360.net\/index.php?rest_route=\/wp\/v2\/media\/59"}],"wp:attachment":[{"href":"https:\/\/globalwarming360.net\/index.php?rest_route=%2Fwp%2Fv2%2Fmedia&parent=58"}],"wp:term":[{"taxonomy":"category","embeddable":true,"href":"https:\/\/globalwarming360.net\/index.php?rest_route=%2Fwp%2Fv2%2Fcategories&post=58"},{"taxonomy":"post_tag","embeddable":true,"href":"https:\/\/globalwarming360.net\/index.php?rest_route=%2Fwp%2Fv2%2Ftags&post=58"}],"curies":[{"name":"wp","href":"https:\/\/api.w.org\/{rel}","templated":true}]}}