{"id":38,"date":"2025-02-15T17:33:28","date_gmt":"2025-02-15T17:33:28","guid":{"rendered":"https:\/\/globalwarming360.net\/?p=38"},"modified":"2025-02-17T17:36:57","modified_gmt":"2025-02-17T17:36:57","slug":"como-os-cabides-de-madeira-os-vestidos-de-festa-importados-e-o-led-fit-academia-estao-transformando-o-varejo-e-o-design-de-espacos-comerciais","status":"publish","type":"post","link":"https:\/\/globalwarming360.net\/?p=38","title":{"rendered":"Como os Cabides de Madeira, os Vestidos de Festa Importados e o LED Fit Academia Est\u00e3o Transformando o Varejo e o Design de Espa\u00e7os Comerciais"},"content":{"rendered":"\n<h3 class=\"wp-block-heading\"><strong>Introdu\u00e7\u00e3o<\/strong><\/h3>\n\n\n\n<p>A busca por inova\u00e7\u00e3o e efici\u00eancia no design de lojas, eventos e academias nunca foi t\u00e3o forte. Elementos essenciais como os <strong>cabides de madeira atacado<\/strong>, os <strong>vestidos de festa importados<\/strong> e o <strong>LED fit academia<\/strong> est\u00e3o desempenhando pap\u00e9is fundamentais na cria\u00e7\u00e3o de ambientes que s\u00e3o tanto funcionais quanto visualmente impressionantes. Cada um desses componentes possui qualidades \u00fanicas que atendem a necessidades espec\u00edficas, desde a exibi\u00e7\u00e3o de produtos no varejo at\u00e9 a cria\u00e7\u00e3o de atmosferas energ\u00e9ticas em academias e eventos.<\/p>\n\n\n\n<p>Neste artigo, exploraremos como esses tr\u00eas elementos podem ser usados de maneira estrat\u00e9gica para transformar o design de espa\u00e7os comerciais, oferecer experi\u00eancias mais agrad\u00e1veis aos clientes e participantes de eventos, e melhorar a visibilidade e a organiza\u00e7\u00e3o de produtos e servi\u00e7os.<\/p>\n\n\n\n<figure class=\"wp-block-image size-full\"><img fetchpriority=\"high\" decoding=\"async\" width=\"1024\" height=\"1024\" src=\"https:\/\/globalwarming360.net\/wp-content\/uploads\/2025\/02\/Como-os-Cabides-de-Madeira-os-Vestidos-de-Festa-Importados-e-o-LED-Fit-Academia-Estao-Transformando-o-Varejo-e-o-Design-de-Espacos-Comerciais-1.webp\" alt=\"\" class=\"wp-image-40\" srcset=\"https:\/\/globalwarming360.net\/wp-content\/uploads\/2025\/02\/Como-os-Cabides-de-Madeira-os-Vestidos-de-Festa-Importados-e-o-LED-Fit-Academia-Estao-Transformando-o-Varejo-e-o-Design-de-Espacos-Comerciais-1.webp 1024w, https:\/\/globalwarming360.net\/wp-content\/uploads\/2025\/02\/Como-os-Cabides-de-Madeira-os-Vestidos-de-Festa-Importados-e-o-LED-Fit-Academia-Estao-Transformando-o-Varejo-e-o-Design-de-Espacos-Comerciais-1-300x300.webp 300w, https:\/\/globalwarming360.net\/wp-content\/uploads\/2025\/02\/Como-os-Cabides-de-Madeira-os-Vestidos-de-Festa-Importados-e-o-LED-Fit-Academia-Estao-Transformando-o-Varejo-e-o-Design-de-Espacos-Comerciais-1-150x150.webp 150w, https:\/\/globalwarming360.net\/wp-content\/uploads\/2025\/02\/Como-os-Cabides-de-Madeira-os-Vestidos-de-Festa-Importados-e-o-LED-Fit-Academia-Estao-Transformando-o-Varejo-e-o-Design-de-Espacos-Comerciais-1-768x768.webp 768w\" sizes=\"(max-width: 1024px) 100vw, 1024px\" \/><\/figure>\n\n\n\n<h3 class=\"wp-block-heading\"><strong>1. Cabides de Madeira Atacado: Exibindo Roupas de Forma Elegante e Organizada<\/strong><\/h3>\n\n\n\n<p>Os <strong>cabides de madeira atacado<\/strong> t\u00eam ganhado popularidade no varejo de moda por sua durabilidade, est\u00e9tica e capacidade de proporcionar uma apresenta\u00e7\u00e3o elegante das roupas. Utilizados principalmente em lojas de roupas de alto padr\u00e3o, os cabides de madeira oferecem uma sensa\u00e7\u00e3o de sofistica\u00e7\u00e3o que reflete a qualidade dos produtos expostos. A utiliza\u00e7\u00e3o desses cabides n\u00e3o s\u00f3 melhora a apresenta\u00e7\u00e3o das pe\u00e7as, mas tamb\u00e9m contribui para a organiza\u00e7\u00e3o e conserva\u00e7\u00e3o das roupas.<\/p>\n\n\n\n<h4 class=\"wp-block-heading\"><strong>Como os Cabides de Madeira Atacado Melhoram a Exposi\u00e7\u00e3o de Roupas<\/strong><\/h4>\n\n\n\n<p>Os <strong>cabides de madeira atacado<\/strong> s\u00e3o ideais para lojas que desejam uma apresenta\u00e7\u00e3o organizada e de alto n\u00edvel. Eles oferecem mais do que apenas funcionalidade, sendo tamb\u00e9m uma pe\u00e7a de design que contribui para o visual da loja. Al\u00e9m disso, a madeira tem uma textura rica que transmite uma sensa\u00e7\u00e3o de qualidade e cuidado com os produtos. Ao usar cabides de madeira, os varejistas podem melhorar a percep\u00e7\u00e3o de valor das roupas que est\u00e3o sendo exibidas, atraindo mais clientes e criando uma experi\u00eancia de compra mais agrad\u00e1vel.<\/p>\n\n\n\n<p>A<a href=\"https:\/\/artcomvidros.com.br\/cabides\/cabides-de-madeira\/\" target=\"_blank\" rel=\"noopener\"> Artcom Vidros<\/a> oferece <strong>cabides de madeira atacado<\/strong> de alta qualidade, ideais para quem busca n\u00e3o apenas funcionalidade, mas tamb\u00e9m est\u00e9tica e durabilidade. A empresa fornece uma variedade de cabides de madeira, com diferentes modelos e acabamentos, que podem ser usados para exibir roupas com estilo e sofistica\u00e7\u00e3o.<\/p>\n\n\n\n<h4 class=\"wp-block-heading\"><strong>Benef\u00edcios dos Cabides de Madeira Atacado<\/strong><\/h4>\n\n\n\n<ol class=\"wp-block-list\">\n<li><strong>Apar\u00eancia sofisticada<\/strong>: O design em madeira confere um visual elegante e cl\u00e1ssico \u00e0s lojas de roupas.<\/li>\n\n\n\n<li><strong>Durabilidade<\/strong>: A madeira \u00e9 um material resistente que garante a longevidade dos cabides, al\u00e9m de proporcionar estabilidade para as roupas.<\/li>\n\n\n\n<li><strong>Melhora na organiza\u00e7\u00e3o<\/strong>: Com os <strong>cabides de madeira atacado<\/strong>, as roupas ficam bem organizadas, facilitando a visualiza\u00e7\u00e3o e a escolha pelos clientes.<\/li>\n<\/ol>\n\n\n\n<h3 class=\"wp-block-heading\"><strong>2. Vestido de Festa Importado: Eleg\u00e2ncia e Sofistica\u00e7\u00e3o para Ocasi\u00f5es Especiais<\/strong><\/h3>\n\n\n\n<p>Os <strong>vestidos de festa importados<\/strong> s\u00e3o a escolha perfeita para quem busca sofistica\u00e7\u00e3o e exclusividade para ocasi\u00f5es especiais, como casamentos, formaturas ou jantares de gala. Esses vestidos s\u00e3o conhecidos por seus designs \u00fanicos, materiais de alta qualidade e acabamentos refinados. A escolha por vestidos importados n\u00e3o s\u00f3 garante um visual elegante, mas tamb\u00e9m oferece aos clientes a sensa\u00e7\u00e3o de estar adquirindo algo especial e exclusivo.<\/p>\n\n\n\n<h4 class=\"wp-block-heading\"><strong>Por Que Escolher um Vestido de Festa Importado<\/strong><\/h4>\n\n\n\n<p>Optar por um <strong>vestido de festa importado<\/strong> significa escolher pe\u00e7as que se destacam pelo seu design \u00fanico e pela qualidade superior de seus materiais. As marcas internacionais s\u00e3o reconhecidas por suas t\u00e9cnicas de costura refinadas e pela cria\u00e7\u00e3o de vestidos que combinam tradi\u00e7\u00e3o e inova\u00e7\u00e3o. Seja para uma ocasi\u00e3o formal ou uma festa mais intimista, os vestidos importados s\u00e3o vers\u00e1teis e elegantes, oferecendo o ajuste perfeito para diferentes tipos de corpo.<\/p>\n\n\n\n<p>A<a href=\"https:\/\/www.petrafina.com.br\/collections\/vestidos-importados\" target=\"_blank\" rel=\"noopener\"> Petra Fina<\/a> oferece uma sele\u00e7\u00e3o exclusiva de <strong>vestidos de festa importados<\/strong>, com op\u00e7\u00f5es que variam de estilos cl\u00e1ssicos a contempor\u00e2neos. Cada vestido \u00e9 escolhido cuidadosamente para garantir que as mulheres tenham acesso a pe\u00e7as de alta qualidade, feitas com tecidos sofisticados e detalhes requintados.<\/p>\n\n\n\n<h4 class=\"wp-block-heading\"><strong>Como Escolher o Vestido de Festa Importado Ideal<\/strong><\/h4>\n\n\n\n<p>Ao escolher um <strong>vestido de festa importado<\/strong>, \u00e9 importante levar em considera\u00e7\u00e3o o tipo de evento, a esta\u00e7\u00e3o do ano e o estilo pessoal. Para eventos formais, como casamentos e jantares de gala, um vestido longo e sofisticado pode ser a melhor op\u00e7\u00e3o. Para eventos mais descontra\u00eddos, como coquet\u00e9is ou festas informais, um vestido mais curto ou com detalhes modernos pode ser ideal. O importante \u00e9 garantir que o vestido se ajuste perfeitamente ao seu corpo e estilo, permitindo que voc\u00ea se sinta confiante e elegante.<\/p>\n\n\n\n<h3 class=\"wp-block-heading\"><strong>3. LED Fit Academia: Ilumina\u00e7\u00e3o Funcional para Espa\u00e7os de Bem-Estar<\/strong><\/h3>\n\n\n\n<p>O <strong>LED fit academia<\/strong> \u00e9 uma solu\u00e7\u00e3o criativa e eficaz para iluminar academias, consult\u00f3rios e outros espa\u00e7os relacionados \u00e0 sa\u00fade e bem-estar. A ilumina\u00e7\u00e3o tem um impacto significativo na atmosfera de um ambiente, e o <strong>LED fit academia<\/strong> oferece uma maneira de criar uma atmosfera energ\u00e9tica e motivacional, ideal para incentivar os participantes a se engajarem em suas atividades f\u00edsicas.<\/p>\n\n\n\n<h4 class=\"wp-block-heading\"><strong>Como o LED Fit Academia Melhora o Ambiente<\/strong><\/h4>\n\n\n\n<p>O <strong>LED fit academia<\/strong> \u00e9 projetado para criar uma ilumina\u00e7\u00e3o eficiente e estimulante, sem sobrecarregar o ambiente. A luz LED \u00e9 econ\u00f4mica, dur\u00e1vel e pode ser ajustada para diferentes intensidades, criando uma ilumina\u00e7\u00e3o que ajuda a melhorar o foco e a concentra\u00e7\u00e3o durante os treinos. Al\u00e9m disso, o uso de ilumina\u00e7\u00e3o LED em academias pode ajudar a reduzir o consumo de energia, tornando o espa\u00e7o mais sustent\u00e1vel.<\/p>\n\n\n\n<p>A<a href=\"https:\/\/neoncustom.com.br\/led-neon-para-sua-marca-empresa\/led-neon-para-academia-consultorio\/\" target=\"_blank\" rel=\"noopener\"> Neon Custom<\/a> oferece solu\u00e7\u00f5es personalizadas com <strong>LED fit academia<\/strong>, ideais para quem busca iluminar academias ou consult\u00f3rios de maneira moderna e criativa. O <strong>LED fit academia<\/strong> pode ser adaptado para diferentes tamanhos de espa\u00e7o, criando uma ilumina\u00e7\u00e3o eficiente e agrad\u00e1vel para quem frequenta o local.<\/p>\n\n\n\n<h4 class=\"wp-block-heading\"><strong>Benef\u00edcios do LED Fit Academia<\/strong><\/h4>\n\n\n\n<ol class=\"wp-block-list\">\n<li><strong>Ilumina\u00e7\u00e3o energ\u00e9tica e motivacional<\/strong>: O <strong>LED fit academia<\/strong> cria uma atmosfera positiva e estimulante, perfeita para sess\u00f5es de treino ou consultas.<\/li>\n\n\n\n<li><strong>Efici\u00eancia energ\u00e9tica<\/strong>: O LED consome menos energia do que as l\u00e2mpadas tradicionais, tornando o ambiente mais sustent\u00e1vel.<\/li>\n\n\n\n<li><strong>Personaliza\u00e7\u00e3o<\/strong>: A ilumina\u00e7\u00e3o LED pode ser ajustada em intensidade e cor, permitindo que se adapte \u00e0s necessidades do espa\u00e7o e do ambiente.<\/li>\n<\/ol>\n\n\n\n<h3 class=\"wp-block-heading\"><strong>4. Integrando os Cabides de Madeira Atacado, o Vestido de Festa Importado e o LED Fit Academia<\/strong><\/h3>\n\n\n\n<p>Integrar os <strong>cabides de madeira atacado<\/strong>, o <strong>vestido de festa importado<\/strong> e o <strong>LED fit academia<\/strong> pode ser uma excelente forma de criar um ambiente coeso e visualmente atraente, seja no varejo ou em espa\u00e7os de bem-estar. Esses tr\u00eas componentes podem ser usados de forma estrat\u00e9gica para melhorar a experi\u00eancia dos clientes, criando ambientes que s\u00e3o tanto funcionalmente eficientes quanto esteticamente agrad\u00e1veis.<\/p>\n\n\n\n<h4 class=\"wp-block-heading\"><strong>Criando um Ambiente Atraente e Funcional<\/strong><\/h4>\n\n\n\n<p>Os <strong>cabides de madeira atacado<\/strong> ajudam a organizar e exibir roupas com sofistica\u00e7\u00e3o, enquanto o <strong>vestido de festa importado<\/strong> garante que os clientes tenham acesso a pe\u00e7as de alta qualidade para ocasi\u00f5es especiais. O <strong>LED fit academia<\/strong> adiciona uma camada de energia ao ambiente, criando uma ilumina\u00e7\u00e3o que melhora a experi\u00eancia do cliente e incentiva a participa\u00e7\u00e3o. Juntos, esses elementos criam um espa\u00e7o que \u00e9 tanto visualmente impactante quanto funcional, atendendo \u00e0s necessidades dos clientes.<\/p>\n\n\n\n<h3 class=\"wp-block-heading\"><strong>5. Conclus\u00e3o: Transformando Espa\u00e7os Comerciais e Eventos com Design Inovador<\/strong><\/h3>\n\n\n\n<p>A combina\u00e7\u00e3o de <strong>cabides de madeira atacado<\/strong>, <strong>vestido de festa importado<\/strong> e <strong>LED fit academia<\/strong> pode transformar qualquer ambiente de varejo ou evento, criando uma experi\u00eancia \u00fanica e envolvente. Esses componentes n\u00e3o apenas melhoram a est\u00e9tica do espa\u00e7o, mas tamb\u00e9m contribuem para a cria\u00e7\u00e3o de uma atmosfera din\u00e2mica e acolhedora, proporcionando uma experi\u00eancia inesquec\u00edvel para os clientes ou participantes. Ao integrar esses elementos de maneira criativa, voc\u00ea pode criar ambientes modernos, funcionais e esteticamente agrad\u00e1veis que atendem \u00e0s necessidades do p\u00fablico moderno.<\/p>\n\n\n\n<figure class=\"wp-block-image size-full\"><img decoding=\"async\" width=\"1024\" height=\"1024\" src=\"https:\/\/globalwarming360.net\/wp-content\/uploads\/2025\/02\/Como-os-Cabides-de-Madeira-os-Vestidos-de-Festa-Importados-e-o-LED-Fit-Academia-Estao-Transformando-o-Varejo-e-o-Design-de-Espacos-Comerciais-2.webp\" alt=\"\" class=\"wp-image-41\" srcset=\"https:\/\/globalwarming360.net\/wp-content\/uploads\/2025\/02\/Como-os-Cabides-de-Madeira-os-Vestidos-de-Festa-Importados-e-o-LED-Fit-Academia-Estao-Transformando-o-Varejo-e-o-Design-de-Espacos-Comerciais-2.webp 1024w, https:\/\/globalwarming360.net\/wp-content\/uploads\/2025\/02\/Como-os-Cabides-de-Madeira-os-Vestidos-de-Festa-Importados-e-o-LED-Fit-Academia-Estao-Transformando-o-Varejo-e-o-Design-de-Espacos-Comerciais-2-300x300.webp 300w, https:\/\/globalwarming360.net\/wp-content\/uploads\/2025\/02\/Como-os-Cabides-de-Madeira-os-Vestidos-de-Festa-Importados-e-o-LED-Fit-Academia-Estao-Transformando-o-Varejo-e-o-Design-de-Espacos-Comerciais-2-150x150.webp 150w, https:\/\/globalwarming360.net\/wp-content\/uploads\/2025\/02\/Como-os-Cabides-de-Madeira-os-Vestidos-de-Festa-Importados-e-o-LED-Fit-Academia-Estao-Transformando-o-Varejo-e-o-Design-de-Espacos-Comerciais-2-768x768.webp 768w\" sizes=\"(max-width: 1024px) 100vw, 1024px\" \/><\/figure>\n\n\n\n<h3 class=\"wp-block-heading\"><strong>Refer\u00eancias:<\/strong><\/h3>\n\n\n\n<ol class=\"wp-block-list\">\n<li>Artcom Vidros. &#8220;Cabides de Madeira&#8221;.<a href=\"https:\/\/artcomvidros.com.br\/cabides\/cabides-de-madeira\/\" target=\"_blank\" rel=\"noopener\"> https:\/\/artcomvidros.com.br\/cabides\/cabides-de-madeira\/<\/a><\/li>\n\n\n\n<li>Petra Fina. &#8220;Vestidos de Festa Importados&#8221;.<a href=\"https:\/\/www.petrafina.com.br\/collections\/vestidos-importados\" target=\"_blank\" rel=\"noopener\"> https:\/\/www.petrafina.com.br\/collections\/vestidos-importados<\/a><\/li>\n\n\n\n<li>Neon Custom. &#8220;LED Fit Academia&#8221;.<a href=\"https:\/\/neoncustom.com.br\/led-neon-para-sua-marca-empresa\/led-neon-para-academia-consultorio\/\" target=\"_blank\" rel=\"noopener\"> https:\/\/neoncustom.com.br\/led-neon-para-sua-marca-empresa\/led-neon-para-academia-consultorio\/<\/a><\/li>\n\n\n\n<li>Global Warming 360.<a href=\"https:\/\/globalwarming360.net\"> https:\/\/globalwarming360.net<\/a><\/li>\n<\/ol>\n","protected":false},"excerpt":{"rendered":"<p>Introdu\u00e7\u00e3o A busca por inova\u00e7\u00e3o e efici\u00eancia no design de lojas, eventos e academias nunca foi t\u00e3o forte. Elementos essenciais como os cabides de madeira atacado, os vestidos de festa importados e o LED fit academia est\u00e3o desempenhando pap\u00e9is fundamentais na cria\u00e7\u00e3o de ambientes que s\u00e3o tanto funcionais quanto visualmente impressionantes. Cada um desses componentes [&hellip;]<\/p>\n","protected":false},"author":1,"featured_media":39,"comment_status":"open","ping_status":"open","sticky":false,"template":"","format":"standard","meta":{"footnotes":""},"categories":[3],"tags":[],"class_list":["post-38","post","type-post","status-publish","format-standard","has-post-thumbnail","hentry","category-news"],"_links":{"self":[{"href":"https:\/\/globalwarming360.net\/index.php?rest_route=\/wp\/v2\/posts\/38","targetHints":{"allow":["GET"]}}],"collection":[{"href":"https:\/\/globalwarming360.net\/index.php?rest_route=\/wp\/v2\/posts"}],"about":[{"href":"https:\/\/globalwarming360.net\/index.php?rest_route=\/wp\/v2\/types\/post"}],"author":[{"embeddable":true,"href":"https:\/\/globalwarming360.net\/index.php?rest_route=\/wp\/v2\/users\/1"}],"replies":[{"embeddable":true,"href":"https:\/\/globalwarming360.net\/index.php?rest_route=%2Fwp%2Fv2%2Fcomments&post=38"}],"version-history":[{"count":1,"href":"https:\/\/globalwarming360.net\/index.php?rest_route=\/wp\/v2\/posts\/38\/revisions"}],"predecessor-version":[{"id":42,"href":"https:\/\/globalwarming360.net\/index.php?rest_route=\/wp\/v2\/posts\/38\/revisions\/42"}],"wp:featuredmedia":[{"embeddable":true,"href":"https:\/\/globalwarming360.net\/index.php?rest_route=\/wp\/v2\/media\/39"}],"wp:attachment":[{"href":"https:\/\/globalwarming360.net\/index.php?rest_route=%2Fwp%2Fv2%2Fmedia&parent=38"}],"wp:term":[{"taxonomy":"category","embeddable":true,"href":"https:\/\/globalwarming360.net\/index.php?rest_route=%2Fwp%2Fv2%2Fcategories&post=38"},{"taxonomy":"post_tag","embeddable":true,"href":"https:\/\/globalwarming360.net\/index.php?rest_route=%2Fwp%2Fv2%2Ftags&post=38"}],"curies":[{"name":"wp","href":"https:\/\/api.w.org\/{rel}","templated":true}]}}